{"id":15714,"date":"2023-04-20T13:42:58","date_gmt":"2023-04-20T11:42:58","guid":{"rendered":"https:\/\/ramontolopallas.cat\/els-temps-que-lleida-governara-espanya\/"},"modified":"2023-04-20T13:48:36","modified_gmt":"2023-04-20T11:48:36","slug":"els-temps-que-lleida-governara-espanya","status":"publish","type":"post","link":"https:\/\/ramontolopallas.cat\/es\/els-temps-que-lleida-governara-espanya\/","title":{"rendered":"Los tiempos que Lleida gobernar\u00e1 Espa\u00f1a"},"content":{"rendered":"\n<p class=\"wp-block-paragraph\">Los tiempos que Lleida gobernar\u00e1 Espa\u00f1a As\u00ed ser\u00e1 si se cumplen mis pron\u00f3sticos. \u00bfPor qu\u00e9?<br><br>Despu\u00e9s de un gran distanciamiento entre la mitad de catalanes independentistas, y la otra mitad de catalanes espanyolistas, habr\u00e1 un acercamiento de los indecisos a mantener la unidad del territorio espa\u00f1ol. Y as\u00ed volveremos a entendernos a la proporci\u00f3n de treinta y cinco a sesenta y cinco, viviendo en una relativa armon\u00eda, y recuperando poco a poco la buena convivencia de un pu\u00f1ado de a\u00f1os atr\u00e1s. Habremos vuelto al punto de partida de 1.492.<br><br>Mientras, \u00bfqu\u00e9 habremos ganado? Cambiar el sistema de financiaci\u00f3n auton\u00f3mica en el que Catalunya sale muy perjudicada. As\u00ed no habr\u00e1 motivo exagerado de queja a seguir unidos.<br>Hoy por hoy estamos muy alejados, es decir, son muchas m\u00e1s cosas que nos unen, y que no nos separan.<br><br>M\u00e1s adelante volveremos a hablar en nuestra buena relaci\u00f3n con los tiempos actuales de los a\u00f1os 2025-2030.<\/p>\n","protected":false},"excerpt":{"rendered":"<p>Los tiempos que Lleida gobernar\u00e1 Espa\u00f1a As\u00ed ser\u00e1 si se cumplen mis pron\u00f3sticos. \u00bfPor qu\u00e9? Despu\u00e9s de un gran distanciamiento entre la mitad de catalanes independentistas, y la otra mitad de catalanes espanyolistas, habr\u00e1 un acercamiento de los indecisos a mantener la unidad del territorio espa\u00f1ol. Y as\u00ed volveremos a entendernos a la proporci\u00f3n de&#8230;<\/p>\n","protected":false},"author":2,"featured_media":15716,"comment_status":"open","ping_status":"closed","sticky":false,"template":"","format":"standard","meta":{"_acf_changed":false,"footnotes":""},"categories":[123],"tags":[],"class_list":["post-15714","post","type-post","status-publish","format-standard","has-post-thumbnail","hentry","category-blog"],"acf":[],"yoast_head":"<!-- This site is optimized with the Yoast SEO plugin v27.7 - https:\/\/yoast.com\/product\/yoast-seo-wordpress\/ -->\n<title>Los tiempos que Lleida gobernar\u00e1 Espa\u00f1a - Ram\u00f3n Tol\u00f3 Pall\u00e0s<\/title>\n<meta name=\"robots\" content=\"index, follow, max-snippet:-1, max-image-preview:large, max-video-preview:-1\" \/>\n<link rel=\"canonical\" href=\"https:\/\/ramontolopallas.cat\/es\/els-temps-que-lleida-governara-espanya\/\" \/>\n<meta property=\"og:locale\" content=\"es_ES\" \/>\n<meta property=\"og:type\" content=\"article\" \/>\n<meta property=\"og:title\" content=\"Los tiempos que Lleida gobernar\u00e1 Espa\u00f1a - Ram\u00f3n Tol\u00f3 Pall\u00e0s\" \/>\n<meta property=\"og:description\" content=\"Los tiempos que Lleida gobernar\u00e1 Espa\u00f1a As\u00ed ser\u00e1 si se cumplen mis pron\u00f3sticos. \u00bfPor qu\u00e9? Despu\u00e9s de un gran distanciamiento entre la mitad de catalanes independentistas, y la otra mitad de catalanes espanyolistas, habr\u00e1 un acercamiento de los indecisos a mantener la unidad del territorio espa\u00f1ol. Y as\u00ed volveremos a entendernos a la proporci\u00f3n de...\" \/>\n<meta property=\"og:url\" content=\"https:\/\/ramontolopallas.cat\/es\/els-temps-que-lleida-governara-espanya\/\" \/>\n<meta property=\"og:site_name\" content=\"Ram\u00f3n Tol\u00f3 Pall\u00e0s\" \/>\n<meta property=\"article:published_time\" content=\"2023-04-20T11:42:58+00:00\" \/>\n<meta property=\"article:modified_time\" content=\"2023-04-20T11:48:36+00:00\" \/>\n<meta property=\"og:image\" content=\"https:\/\/ramontolopallas.cat\/wp-content\/uploads\/2023\/04\/DALL\u00b7E-2023-04-20-13.47.57-Flag-of-Catalonia-and-flag-of-Spain-facing-and-fighting-each-other.png\" \/>\n\t<meta property=\"og:image:width\" content=\"1024\" \/>\n\t<meta property=\"og:image:height\" content=\"1024\" \/>\n\t<meta property=\"og:image:type\" content=\"image\/png\" \/>\n<meta name=\"author\" content=\"Ramon Tol\u00f3\" \/>\n<meta name=\"twitter:card\" content=\"summary_large_image\" \/>\n<meta name=\"twitter:label1\" content=\"Escrito por\" \/>\n\t<meta name=\"twitter:data1\" content=\"Ramon Tol\u00f3\" \/>\n\t<meta name=\"twitter:label2\" content=\"Tiempo de lectura\" \/>\n\t<meta name=\"twitter:data2\" content=\"1 minuto\" \/>\n<script type=\"application\/ld+json\" class=\"yoast-schema-graph\">{\"@context\":\"https:\\\/\\\/schema.org\",\"@graph\":[{\"@type\":\"Article\",\"@id\":\"https:\\\/\\\/ramontolopallas.cat\\\/es\\\/els-temps-que-lleida-governara-espanya\\\/#article\",\"isPartOf\":{\"@id\":\"https:\\\/\\\/ramontolopallas.cat\\\/es\\\/els-temps-que-lleida-governara-espanya\\\/\"},\"author\":{\"name\":\"Ramon Tol\u00f3\",\"@id\":\"https:\\\/\\\/ramontolopallas.cat\\\/es\\\/#\\\/schema\\\/person\\\/c52880af2b26ad448a5c58e1aef92e05\"},\"headline\":\"Los tiempos que Lleida gobernar\u00e1 Espa\u00f1a\",\"datePublished\":\"2023-04-20T11:42:58+00:00\",\"dateModified\":\"2023-04-20T11:48:36+00:00\",\"mainEntityOfPage\":{\"@id\":\"https:\\\/\\\/ramontolopallas.cat\\\/es\\\/els-temps-que-lleida-governara-espanya\\\/\"},\"wordCount\":174,\"commentCount\":0,\"image\":{\"@id\":\"https:\\\/\\\/ramontolopallas.cat\\\/es\\\/els-temps-que-lleida-governara-espanya\\\/#primaryimage\"},\"thumbnailUrl\":\"https:\\\/\\\/ramontolopallas.cat\\\/wp-content\\\/uploads\\\/2023\\\/04\\\/DALL\u00b7E-2023-04-20-13.47.57-Flag-of-Catalonia-and-flag-of-Spain-facing-and-fighting-each-other.png\",\"articleSection\":[\"Blog\"],\"inLanguage\":\"es\",\"potentialAction\":[{\"@type\":\"CommentAction\",\"name\":\"Comment\",\"target\":[\"https:\\\/\\\/ramontolopallas.cat\\\/es\\\/els-temps-que-lleida-governara-espanya\\\/#respond\"]}]},{\"@type\":\"WebPage\",\"@id\":\"https:\\\/\\\/ramontolopallas.cat\\\/es\\\/els-temps-que-lleida-governara-espanya\\\/\",\"url\":\"https:\\\/\\\/ramontolopallas.cat\\\/es\\\/els-temps-que-lleida-governara-espanya\\\/\",\"name\":\"Los tiempos que Lleida gobernar\u00e1 Espa\u00f1a - Ram\u00f3n Tol\u00f3 Pall\u00e0s\",\"isPartOf\":{\"@id\":\"https:\\\/\\\/ramontolopallas.cat\\\/es\\\/#website\"},\"primaryImageOfPage\":{\"@id\":\"https:\\\/\\\/ramontolopallas.cat\\\/es\\\/els-temps-que-lleida-governara-espanya\\\/#primaryimage\"},\"image\":{\"@id\":\"https:\\\/\\\/ramontolopallas.cat\\\/es\\\/els-temps-que-lleida-governara-espanya\\\/#primaryimage\"},\"thumbnailUrl\":\"https:\\\/\\\/ramontolopallas.cat\\\/wp-content\\\/uploads\\\/2023\\\/04\\\/DALL\u00b7E-2023-04-20-13.47.57-Flag-of-Catalonia-and-flag-of-Spain-facing-and-fighting-each-other.png\",\"datePublished\":\"2023-04-20T11:42:58+00:00\",\"dateModified\":\"2023-04-20T11:48:36+00:00\",\"author\":{\"@id\":\"https:\\\/\\\/ramontolopallas.cat\\\/es\\\/#\\\/schema\\\/person\\\/c52880af2b26ad448a5c58e1aef92e05\"},\"breadcrumb\":{\"@id\":\"https:\\\/\\\/ramontolopallas.cat\\\/es\\\/els-temps-que-lleida-governara-espanya\\\/#breadcrumb\"},\"inLanguage\":\"es\",\"potentialAction\":[{\"@type\":\"ReadAction\",\"target\":[\"https:\\\/\\\/ramontolopallas.cat\\\/es\\\/els-temps-que-lleida-governara-espanya\\\/\"]}]},{\"@type\":\"ImageObject\",\"inLanguage\":\"es\",\"@id\":\"https:\\\/\\\/ramontolopallas.cat\\\/es\\\/els-temps-que-lleida-governara-espanya\\\/#primaryimage\",\"url\":\"https:\\\/\\\/ramontolopallas.cat\\\/wp-content\\\/uploads\\\/2023\\\/04\\\/DALL\u00b7E-2023-04-20-13.47.57-Flag-of-Catalonia-and-flag-of-Spain-facing-and-fighting-each-other.png\",\"contentUrl\":\"https:\\\/\\\/ramontolopallas.cat\\\/wp-content\\\/uploads\\\/2023\\\/04\\\/DALL\u00b7E-2023-04-20-13.47.57-Flag-of-Catalonia-and-flag-of-Spain-facing-and-fighting-each-other.png\",\"width\":1024,\"height\":1024},{\"@type\":\"BreadcrumbList\",\"@id\":\"https:\\\/\\\/ramontolopallas.cat\\\/es\\\/els-temps-que-lleida-governara-espanya\\\/#breadcrumb\",\"itemListElement\":[{\"@type\":\"ListItem\",\"position\":1,\"name\":\"Inici\",\"item\":\"https:\\\/\\\/ramontolopallas.cat\\\/es\\\/\"},{\"@type\":\"ListItem\",\"position\":2,\"name\":\"Los tiempos que Lleida gobernar\u00e1 Espa\u00f1a\"}]},{\"@type\":\"WebSite\",\"@id\":\"https:\\\/\\\/ramontolopallas.cat\\\/es\\\/#website\",\"url\":\"https:\\\/\\\/ramontolopallas.cat\\\/es\\\/\",\"name\":\"Ram\u00f3n Tol\u00f3 Pall\u00e0s\",\"description\":\"Escriptor lleidat\u00e0\",\"potentialAction\":[{\"@type\":\"SearchAction\",\"target\":{\"@type\":\"EntryPoint\",\"urlTemplate\":\"https:\\\/\\\/ramontolopallas.cat\\\/es\\\/?s={search_term_string}\"},\"query-input\":{\"@type\":\"PropertyValueSpecification\",\"valueRequired\":true,\"valueName\":\"search_term_string\"}}],\"inLanguage\":\"es\"},{\"@type\":\"Person\",\"@id\":\"https:\\\/\\\/ramontolopallas.cat\\\/es\\\/#\\\/schema\\\/person\\\/c52880af2b26ad448a5c58e1aef92e05\",\"name\":\"Ramon Tol\u00f3\",\"image\":{\"@type\":\"ImageObject\",\"inLanguage\":\"es\",\"@id\":\"https:\\\/\\\/secure.gravatar.com\\\/avatar\\\/bbd42dad71f10b60dd7b99495825a484e316cc1d628d7817ca5d5e72958cf237?s=96&d=mm&r=g\",\"url\":\"https:\\\/\\\/secure.gravatar.com\\\/avatar\\\/bbd42dad71f10b60dd7b99495825a484e316cc1d628d7817ca5d5e72958cf237?s=96&d=mm&r=g\",\"contentUrl\":\"https:\\\/\\\/secure.gravatar.com\\\/avatar\\\/bbd42dad71f10b60dd7b99495825a484e316cc1d628d7817ca5d5e72958cf237?s=96&d=mm&r=g\",\"caption\":\"Ramon Tol\u00f3\"},\"url\":\"https:\\\/\\\/ramontolopallas.cat\\\/es\\\/author\\\/administrador\\\/\"}]}<\/script>\n<!-- \/ Yoast SEO plugin. -->","yoast_head_json":{"title":"Los tiempos que Lleida gobernar\u00e1 Espa\u00f1a - Ram\u00f3n Tol\u00f3 Pall\u00e0s","robots":{"index":"index","follow":"follow","max-snippet":"max-snippet:-1","max-image-preview":"max-image-preview:large","max-video-preview":"max-video-preview:-1"},"canonical":"https:\/\/ramontolopallas.cat\/es\/els-temps-que-lleida-governara-espanya\/","og_locale":"es_ES","og_type":"article","og_title":"Los tiempos que Lleida gobernar\u00e1 Espa\u00f1a - Ram\u00f3n Tol\u00f3 Pall\u00e0s","og_description":"Los tiempos que Lleida gobernar\u00e1 Espa\u00f1a As\u00ed ser\u00e1 si se cumplen mis pron\u00f3sticos. \u00bfPor qu\u00e9? Despu\u00e9s de un gran distanciamiento entre la mitad de catalanes independentistas, y la otra mitad de catalanes espanyolistas, habr\u00e1 un acercamiento de los indecisos a mantener la unidad del territorio espa\u00f1ol. Y as\u00ed volveremos a entendernos a la proporci\u00f3n de...","og_url":"https:\/\/ramontolopallas.cat\/es\/els-temps-que-lleida-governara-espanya\/","og_site_name":"Ram\u00f3n Tol\u00f3 Pall\u00e0s","article_published_time":"2023-04-20T11:42:58+00:00","article_modified_time":"2023-04-20T11:48:36+00:00","og_image":[{"width":1024,"height":1024,"url":"https:\/\/ramontolopallas.cat\/wp-content\/uploads\/2023\/04\/DALL\u00b7E-2023-04-20-13.47.57-Flag-of-Catalonia-and-flag-of-Spain-facing-and-fighting-each-other.png","type":"image\/png"}],"author":"Ramon Tol\u00f3","twitter_card":"summary_large_image","twitter_misc":{"Escrito por":"Ramon Tol\u00f3","Tiempo de lectura":"1 minuto"},"schema":{"@context":"https:\/\/schema.org","@graph":[{"@type":"Article","@id":"https:\/\/ramontolopallas.cat\/es\/els-temps-que-lleida-governara-espanya\/#article","isPartOf":{"@id":"https:\/\/ramontolopallas.cat\/es\/els-temps-que-lleida-governara-espanya\/"},"author":{"name":"Ramon Tol\u00f3","@id":"https:\/\/ramontolopallas.cat\/es\/#\/schema\/person\/c52880af2b26ad448a5c58e1aef92e05"},"headline":"Los tiempos que Lleida gobernar\u00e1 Espa\u00f1a","datePublished":"2023-04-20T11:42:58+00:00","dateModified":"2023-04-20T11:48:36+00:00","mainEntityOfPage":{"@id":"https:\/\/ramontolopallas.cat\/es\/els-temps-que-lleida-governara-espanya\/"},"wordCount":174,"commentCount":0,"image":{"@id":"https:\/\/ramontolopallas.cat\/es\/els-temps-que-lleida-governara-espanya\/#primaryimage"},"thumbnailUrl":"https:\/\/ramontolopallas.cat\/wp-content\/uploads\/2023\/04\/DALL\u00b7E-2023-04-20-13.47.57-Flag-of-Catalonia-and-flag-of-Spain-facing-and-fighting-each-other.png","articleSection":["Blog"],"inLanguage":"es","potentialAction":[{"@type":"CommentAction","name":"Comment","target":["https:\/\/ramontolopallas.cat\/es\/els-temps-que-lleida-governara-espanya\/#respond"]}]},{"@type":"WebPage","@id":"https:\/\/ramontolopallas.cat\/es\/els-temps-que-lleida-governara-espanya\/","url":"https:\/\/ramontolopallas.cat\/es\/els-temps-que-lleida-governara-espanya\/","name":"Los tiempos que Lleida gobernar\u00e1 Espa\u00f1a - Ram\u00f3n Tol\u00f3 Pall\u00e0s","isPartOf":{"@id":"https:\/\/ramontolopallas.cat\/es\/#website"},"primaryImageOfPage":{"@id":"https:\/\/ramontolopallas.cat\/es\/els-temps-que-lleida-governara-espanya\/#primaryimage"},"image":{"@id":"https:\/\/ramontolopallas.cat\/es\/els-temps-que-lleida-governara-espanya\/#primaryimage"},"thumbnailUrl":"https:\/\/ramontolopallas.cat\/wp-content\/uploads\/2023\/04\/DALL\u00b7E-2023-04-20-13.47.57-Flag-of-Catalonia-and-flag-of-Spain-facing-and-fighting-each-other.png","datePublished":"2023-04-20T11:42:58+00:00","dateModified":"2023-04-20T11:48:36+00:00","author":{"@id":"https:\/\/ramontolopallas.cat\/es\/#\/schema\/person\/c52880af2b26ad448a5c58e1aef92e05"},"breadcrumb":{"@id":"https:\/\/ramontolopallas.cat\/es\/els-temps-que-lleida-governara-espanya\/#breadcrumb"},"inLanguage":"es","potentialAction":[{"@type":"ReadAction","target":["https:\/\/ramontolopallas.cat\/es\/els-temps-que-lleida-governara-espanya\/"]}]},{"@type":"ImageObject","inLanguage":"es","@id":"https:\/\/ramontolopallas.cat\/es\/els-temps-que-lleida-governara-espanya\/#primaryimage","url":"https:\/\/ramontolopallas.cat\/wp-content\/uploads\/2023\/04\/DALL\u00b7E-2023-04-20-13.47.57-Flag-of-Catalonia-and-flag-of-Spain-facing-and-fighting-each-other.png","contentUrl":"https:\/\/ramontolopallas.cat\/wp-content\/uploads\/2023\/04\/DALL\u00b7E-2023-04-20-13.47.57-Flag-of-Catalonia-and-flag-of-Spain-facing-and-fighting-each-other.png","width":1024,"height":1024},{"@type":"BreadcrumbList","@id":"https:\/\/ramontolopallas.cat\/es\/els-temps-que-lleida-governara-espanya\/#breadcrumb","itemListElement":[{"@type":"ListItem","position":1,"name":"Inici","item":"https:\/\/ramontolopallas.cat\/es\/"},{"@type":"ListItem","position":2,"name":"Los tiempos que Lleida gobernar\u00e1 Espa\u00f1a"}]},{"@type":"WebSite","@id":"https:\/\/ramontolopallas.cat\/es\/#website","url":"https:\/\/ramontolopallas.cat\/es\/","name":"Ram\u00f3n Tol\u00f3 Pall\u00e0s","description":"Escriptor lleidat\u00e0","potentialAction":[{"@type":"SearchAction","target":{"@type":"EntryPoint","urlTemplate":"https:\/\/ramontolopallas.cat\/es\/?s={search_term_string}"},"query-input":{"@type":"PropertyValueSpecification","valueRequired":true,"valueName":"search_term_string"}}],"inLanguage":"es"},{"@type":"Person","@id":"https:\/\/ramontolopallas.cat\/es\/#\/schema\/person\/c52880af2b26ad448a5c58e1aef92e05","name":"Ramon Tol\u00f3","image":{"@type":"ImageObject","inLanguage":"es","@id":"https:\/\/secure.gravatar.com\/avatar\/bbd42dad71f10b60dd7b99495825a484e316cc1d628d7817ca5d5e72958cf237?s=96&d=mm&r=g","url":"https:\/\/secure.gravatar.com\/avatar\/bbd42dad71f10b60dd7b99495825a484e316cc1d628d7817ca5d5e72958cf237?s=96&d=mm&r=g","contentUrl":"https:\/\/secure.gravatar.com\/avatar\/bbd42dad71f10b60dd7b99495825a484e316cc1d628d7817ca5d5e72958cf237?s=96&d=mm&r=g","caption":"Ramon Tol\u00f3"},"url":"https:\/\/ramontolopallas.cat\/es\/author\/administrador\/"}]}},"_links":{"self":[{"href":"https:\/\/ramontolopallas.cat\/es\/wp-json\/wp\/v2\/posts\/15714","targetHints":{"allow":["GET"]}}],"collection":[{"href":"https:\/\/ramontolopallas.cat\/es\/wp-json\/wp\/v2\/posts"}],"about":[{"href":"https:\/\/ramontolopallas.cat\/es\/wp-json\/wp\/v2\/types\/post"}],"author":[{"embeddable":true,"href":"https:\/\/ramontolopallas.cat\/es\/wp-json\/wp\/v2\/users\/2"}],"replies":[{"embeddable":true,"href":"https:\/\/ramontolopallas.cat\/es\/wp-json\/wp\/v2\/comments?post=15714"}],"version-history":[{"count":1,"href":"https:\/\/ramontolopallas.cat\/es\/wp-json\/wp\/v2\/posts\/15714\/revisions"}],"predecessor-version":[{"id":15718,"href":"https:\/\/ramontolopallas.cat\/es\/wp-json\/wp\/v2\/posts\/15714\/revisions\/15718"}],"wp:featuredmedia":[{"embeddable":true,"href":"https:\/\/ramontolopallas.cat\/es\/wp-json\/wp\/v2\/media\/15716"}],"wp:attachment":[{"href":"https:\/\/ramontolopallas.cat\/es\/wp-json\/wp\/v2\/media?parent=15714"}],"wp:term":[{"taxonomy":"category","embeddable":true,"href":"https:\/\/ramontolopallas.cat\/es\/wp-json\/wp\/v2\/categories?post=15714"},{"taxonomy":"post_tag","embeddable":true,"href":"https:\/\/ramontolopallas.cat\/es\/wp-json\/wp\/v2\/tags?post=15714"}],"curies":[{"name":"wp","href":"https:\/\/api.w.org\/{rel}","templated":true}]}}