{"id":15775,"date":"2023-07-07T09:53:18","date_gmt":"2023-07-07T07:53:18","guid":{"rendered":"https:\/\/ramontolopallas.cat\/?p=15775"},"modified":"2023-07-14T10:23:43","modified_gmt":"2023-07-14T08:23:43","slug":"no-traicionaremos-el-espiritu-del-ano-78","status":"publish","type":"post","link":"https:\/\/ramontolopallas.cat\/es\/no-traicionaremos-el-espiritu-del-ano-78\/","title":{"rendered":"No traicionaremos el esp\u00edritu del a\u00f1o 78"},"content":{"rendered":"\n<p class=\"has-large-font-size wp-block-paragraph\">No traicionaremos el esp\u00edritu del a\u00f1o 78<\/p>\n\n\n\n<p class=\"wp-block-paragraph\">Ya son 45 a\u00f1os. Y se nos quiere recular a volver a la dictadura franquista de 1939 a 1978.<\/p>\n\n\n\n<p class=\"wp-block-paragraph\">Quiere hacerlo otro pol\u00edtico venido del mismo territorio de nuestra querida Espa\u00f1a. Galicia, en el nombre de Alberto N\u00fa\u00f1ez Feijoo, cerrando filas con la extrema derecha de voto con su presidente Santiago Abascal.<\/p>\n\n\n\n<p class=\"wp-block-paragraph\">Debemos empezar diciendo que el Partido Popular no tiene nada popular porque defienda los intereses de unos pocos por enriquecerse a costa de los presupuestos generales del Estado y ayudar a sus amistades a llenarse los bolsillos.<\/p>\n\n\n\n<p class=\"wp-block-paragraph\">Ahora no pueden volver a mamar a los mismos que nunca se han ido de las proximidades del poder. Y debemos decir: No a los mismos que sacaron del poder para que nunca volvieran m\u00e1s la Direcci\u00f3n Pol\u00edtica de Espa\u00f1a.<\/p>\n\n\n\n<p class=\"wp-block-paragraph\">No debemos equivocarnos otra vez.<\/p>\n\n\n\n<p class=\"wp-block-paragraph\">Nos cost\u00f3 39 a\u00f1os hacerles marchar, pero era para siempre.<\/p>\n\n\n\n<p class=\"wp-block-paragraph\">No permitamos su regreso.<\/p>\n\n\n\n<p class=\"wp-block-paragraph\">No a los Populares de Feijoo.<\/p>\n\n\n\n<p class=\"wp-block-paragraph\">No en la extrema derecha de Santiago Abascal.<\/p>\n\n\n\n<p class=\"wp-block-paragraph\">S\u00ed al continuismo de Pedro S\u00e1nchez.<\/p>\n\n\n\n<p class=\"wp-block-paragraph\">Un ma\u00f1ana esplendoroso nos est\u00e1 esperando.<\/p>\n","protected":false},"excerpt":{"rendered":"<p>No traicionaremos el esp\u00edritu del a\u00f1o 78 Ya son 45 a\u00f1os. Y se nos quiere recular a volver a la dictadura franquista de 1939 a 1978. Quiere hacerlo otro pol\u00edtico venido del mismo territorio de nuestra querida Espa\u00f1a. Galicia, en el nombre de Alberto N\u00fa\u00f1ez Feijoo, cerrando filas con la extrema derecha de voto con&#8230;<\/p>\n","protected":false},"author":2,"featured_media":0,"comment_status":"open","ping_status":"closed","sticky":false,"template":"","format":"standard","meta":{"_acf_changed":false,"footnotes":""},"categories":[123],"tags":[],"class_list":["post-15775","post","type-post","status-publish","format-standard","hentry","category-blog"],"acf":[],"yoast_head":"<!-- This site is optimized with the Yoast SEO plugin v27.7 - https:\/\/yoast.com\/product\/yoast-seo-wordpress\/ -->\n<title>No traicionaremos el esp\u00edritu del a\u00f1o 78 - Ram\u00f3n Tol\u00f3 Pall\u00e0s<\/title>\n<meta name=\"robots\" content=\"index, follow, max-snippet:-1, max-image-preview:large, max-video-preview:-1\" \/>\n<link rel=\"canonical\" href=\"https:\/\/ramontolopallas.cat\/es\/no-traicionaremos-el-espiritu-del-ano-78\/\" \/>\n<meta property=\"og:locale\" content=\"es_ES\" \/>\n<meta property=\"og:type\" content=\"article\" \/>\n<meta property=\"og:title\" content=\"No traicionaremos el esp\u00edritu del a\u00f1o 78 - Ram\u00f3n Tol\u00f3 Pall\u00e0s\" \/>\n<meta property=\"og:description\" content=\"No traicionaremos el esp\u00edritu del a\u00f1o 78 Ya son 45 a\u00f1os. Y se nos quiere recular a volver a la dictadura franquista de 1939 a 1978. Quiere hacerlo otro pol\u00edtico venido del mismo territorio de nuestra querida Espa\u00f1a. Galicia, en el nombre de Alberto N\u00fa\u00f1ez Feijoo, cerrando filas con la extrema derecha de voto con...\" \/>\n<meta property=\"og:url\" content=\"https:\/\/ramontolopallas.cat\/es\/no-traicionaremos-el-espiritu-del-ano-78\/\" \/>\n<meta property=\"og:site_name\" content=\"Ram\u00f3n Tol\u00f3 Pall\u00e0s\" \/>\n<meta property=\"article:published_time\" content=\"2023-07-07T07:53:18+00:00\" \/>\n<meta property=\"article:modified_time\" content=\"2023-07-14T08:23:43+00:00\" \/>\n<meta name=\"author\" content=\"Ramon Tol\u00f3\" \/>\n<meta name=\"twitter:card\" content=\"summary_large_image\" \/>\n<meta name=\"twitter:label1\" content=\"Escrito por\" \/>\n\t<meta name=\"twitter:data1\" content=\"Ramon Tol\u00f3\" \/>\n\t<meta name=\"twitter:label2\" content=\"Tiempo de lectura\" \/>\n\t<meta name=\"twitter:data2\" content=\"1 minuto\" \/>\n<script type=\"application\/ld+json\" class=\"yoast-schema-graph\">{\"@context\":\"https:\\\/\\\/schema.org\",\"@graph\":[{\"@type\":\"Article\",\"@id\":\"https:\\\/\\\/ramontolopallas.cat\\\/es\\\/no-traicionaremos-el-espiritu-del-ano-78\\\/#article\",\"isPartOf\":{\"@id\":\"https:\\\/\\\/ramontolopallas.cat\\\/es\\\/no-traicionaremos-el-espiritu-del-ano-78\\\/\"},\"author\":{\"name\":\"Ramon Tol\u00f3\",\"@id\":\"https:\\\/\\\/ramontolopallas.cat\\\/es\\\/#\\\/schema\\\/person\\\/c52880af2b26ad448a5c58e1aef92e05\"},\"headline\":\"No traicionaremos el esp\u00edritu del a\u00f1o 78\",\"datePublished\":\"2023-07-07T07:53:18+00:00\",\"dateModified\":\"2023-07-14T08:23:43+00:00\",\"mainEntityOfPage\":{\"@id\":\"https:\\\/\\\/ramontolopallas.cat\\\/es\\\/no-traicionaremos-el-espiritu-del-ano-78\\\/\"},\"wordCount\":197,\"commentCount\":0,\"articleSection\":[\"Blog\"],\"inLanguage\":\"es\",\"potentialAction\":[{\"@type\":\"CommentAction\",\"name\":\"Comment\",\"target\":[\"https:\\\/\\\/ramontolopallas.cat\\\/es\\\/no-traicionaremos-el-espiritu-del-ano-78\\\/#respond\"]}]},{\"@type\":\"WebPage\",\"@id\":\"https:\\\/\\\/ramontolopallas.cat\\\/es\\\/no-traicionaremos-el-espiritu-del-ano-78\\\/\",\"url\":\"https:\\\/\\\/ramontolopallas.cat\\\/es\\\/no-traicionaremos-el-espiritu-del-ano-78\\\/\",\"name\":\"No traicionaremos el esp\u00edritu del a\u00f1o 78 - Ram\u00f3n Tol\u00f3 Pall\u00e0s\",\"isPartOf\":{\"@id\":\"https:\\\/\\\/ramontolopallas.cat\\\/es\\\/#website\"},\"datePublished\":\"2023-07-07T07:53:18+00:00\",\"dateModified\":\"2023-07-14T08:23:43+00:00\",\"author\":{\"@id\":\"https:\\\/\\\/ramontolopallas.cat\\\/es\\\/#\\\/schema\\\/person\\\/c52880af2b26ad448a5c58e1aef92e05\"},\"breadcrumb\":{\"@id\":\"https:\\\/\\\/ramontolopallas.cat\\\/es\\\/no-traicionaremos-el-espiritu-del-ano-78\\\/#breadcrumb\"},\"inLanguage\":\"es\",\"potentialAction\":[{\"@type\":\"ReadAction\",\"target\":[\"https:\\\/\\\/ramontolopallas.cat\\\/es\\\/no-traicionaremos-el-espiritu-del-ano-78\\\/\"]}]},{\"@type\":\"BreadcrumbList\",\"@id\":\"https:\\\/\\\/ramontolopallas.cat\\\/es\\\/no-traicionaremos-el-espiritu-del-ano-78\\\/#breadcrumb\",\"itemListElement\":[{\"@type\":\"ListItem\",\"position\":1,\"name\":\"Inici\",\"item\":\"https:\\\/\\\/ramontolopallas.cat\\\/es\\\/\"},{\"@type\":\"ListItem\",\"position\":2,\"name\":\"No traicionaremos el esp\u00edritu del a\u00f1o 78\"}]},{\"@type\":\"WebSite\",\"@id\":\"https:\\\/\\\/ramontolopallas.cat\\\/es\\\/#website\",\"url\":\"https:\\\/\\\/ramontolopallas.cat\\\/es\\\/\",\"name\":\"Ram\u00f3n Tol\u00f3 Pall\u00e0s\",\"description\":\"Escriptor lleidat\u00e0\",\"potentialAction\":[{\"@type\":\"SearchAction\",\"target\":{\"@type\":\"EntryPoint\",\"urlTemplate\":\"https:\\\/\\\/ramontolopallas.cat\\\/es\\\/?s={search_term_string}\"},\"query-input\":{\"@type\":\"PropertyValueSpecification\",\"valueRequired\":true,\"valueName\":\"search_term_string\"}}],\"inLanguage\":\"es\"},{\"@type\":\"Person\",\"@id\":\"https:\\\/\\\/ramontolopallas.cat\\\/es\\\/#\\\/schema\\\/person\\\/c52880af2b26ad448a5c58e1aef92e05\",\"name\":\"Ramon Tol\u00f3\",\"image\":{\"@type\":\"ImageObject\",\"inLanguage\":\"es\",\"@id\":\"https:\\\/\\\/secure.gravatar.com\\\/avatar\\\/bbd42dad71f10b60dd7b99495825a484e316cc1d628d7817ca5d5e72958cf237?s=96&d=mm&r=g\",\"url\":\"https:\\\/\\\/secure.gravatar.com\\\/avatar\\\/bbd42dad71f10b60dd7b99495825a484e316cc1d628d7817ca5d5e72958cf237?s=96&d=mm&r=g\",\"contentUrl\":\"https:\\\/\\\/secure.gravatar.com\\\/avatar\\\/bbd42dad71f10b60dd7b99495825a484e316cc1d628d7817ca5d5e72958cf237?s=96&d=mm&r=g\",\"caption\":\"Ramon Tol\u00f3\"},\"url\":\"https:\\\/\\\/ramontolopallas.cat\\\/es\\\/author\\\/administrador\\\/\"}]}<\/script>\n<!-- \/ Yoast SEO plugin. -->","yoast_head_json":{"title":"No traicionaremos el esp\u00edritu del a\u00f1o 78 - Ram\u00f3n Tol\u00f3 Pall\u00e0s","robots":{"index":"index","follow":"follow","max-snippet":"max-snippet:-1","max-image-preview":"max-image-preview:large","max-video-preview":"max-video-preview:-1"},"canonical":"https:\/\/ramontolopallas.cat\/es\/no-traicionaremos-el-espiritu-del-ano-78\/","og_locale":"es_ES","og_type":"article","og_title":"No traicionaremos el esp\u00edritu del a\u00f1o 78 - Ram\u00f3n Tol\u00f3 Pall\u00e0s","og_description":"No traicionaremos el esp\u00edritu del a\u00f1o 78 Ya son 45 a\u00f1os. Y se nos quiere recular a volver a la dictadura franquista de 1939 a 1978. Quiere hacerlo otro pol\u00edtico venido del mismo territorio de nuestra querida Espa\u00f1a. Galicia, en el nombre de Alberto N\u00fa\u00f1ez Feijoo, cerrando filas con la extrema derecha de voto con...","og_url":"https:\/\/ramontolopallas.cat\/es\/no-traicionaremos-el-espiritu-del-ano-78\/","og_site_name":"Ram\u00f3n Tol\u00f3 Pall\u00e0s","article_published_time":"2023-07-07T07:53:18+00:00","article_modified_time":"2023-07-14T08:23:43+00:00","author":"Ramon Tol\u00f3","twitter_card":"summary_large_image","twitter_misc":{"Escrito por":"Ramon Tol\u00f3","Tiempo de lectura":"1 minuto"},"schema":{"@context":"https:\/\/schema.org","@graph":[{"@type":"Article","@id":"https:\/\/ramontolopallas.cat\/es\/no-traicionaremos-el-espiritu-del-ano-78\/#article","isPartOf":{"@id":"https:\/\/ramontolopallas.cat\/es\/no-traicionaremos-el-espiritu-del-ano-78\/"},"author":{"name":"Ramon Tol\u00f3","@id":"https:\/\/ramontolopallas.cat\/es\/#\/schema\/person\/c52880af2b26ad448a5c58e1aef92e05"},"headline":"No traicionaremos el esp\u00edritu del a\u00f1o 78","datePublished":"2023-07-07T07:53:18+00:00","dateModified":"2023-07-14T08:23:43+00:00","mainEntityOfPage":{"@id":"https:\/\/ramontolopallas.cat\/es\/no-traicionaremos-el-espiritu-del-ano-78\/"},"wordCount":197,"commentCount":0,"articleSection":["Blog"],"inLanguage":"es","potentialAction":[{"@type":"CommentAction","name":"Comment","target":["https:\/\/ramontolopallas.cat\/es\/no-traicionaremos-el-espiritu-del-ano-78\/#respond"]}]},{"@type":"WebPage","@id":"https:\/\/ramontolopallas.cat\/es\/no-traicionaremos-el-espiritu-del-ano-78\/","url":"https:\/\/ramontolopallas.cat\/es\/no-traicionaremos-el-espiritu-del-ano-78\/","name":"No traicionaremos el esp\u00edritu del a\u00f1o 78 - Ram\u00f3n Tol\u00f3 Pall\u00e0s","isPartOf":{"@id":"https:\/\/ramontolopallas.cat\/es\/#website"},"datePublished":"2023-07-07T07:53:18+00:00","dateModified":"2023-07-14T08:23:43+00:00","author":{"@id":"https:\/\/ramontolopallas.cat\/es\/#\/schema\/person\/c52880af2b26ad448a5c58e1aef92e05"},"breadcrumb":{"@id":"https:\/\/ramontolopallas.cat\/es\/no-traicionaremos-el-espiritu-del-ano-78\/#breadcrumb"},"inLanguage":"es","potentialAction":[{"@type":"ReadAction","target":["https:\/\/ramontolopallas.cat\/es\/no-traicionaremos-el-espiritu-del-ano-78\/"]}]},{"@type":"BreadcrumbList","@id":"https:\/\/ramontolopallas.cat\/es\/no-traicionaremos-el-espiritu-del-ano-78\/#breadcrumb","itemListElement":[{"@type":"ListItem","position":1,"name":"Inici","item":"https:\/\/ramontolopallas.cat\/es\/"},{"@type":"ListItem","position":2,"name":"No traicionaremos el esp\u00edritu del a\u00f1o 78"}]},{"@type":"WebSite","@id":"https:\/\/ramontolopallas.cat\/es\/#website","url":"https:\/\/ramontolopallas.cat\/es\/","name":"Ram\u00f3n Tol\u00f3 Pall\u00e0s","description":"Escriptor lleidat\u00e0","potentialAction":[{"@type":"SearchAction","target":{"@type":"EntryPoint","urlTemplate":"https:\/\/ramontolopallas.cat\/es\/?s={search_term_string}"},"query-input":{"@type":"PropertyValueSpecification","valueRequired":true,"valueName":"search_term_string"}}],"inLanguage":"es"},{"@type":"Person","@id":"https:\/\/ramontolopallas.cat\/es\/#\/schema\/person\/c52880af2b26ad448a5c58e1aef92e05","name":"Ramon Tol\u00f3","image":{"@type":"ImageObject","inLanguage":"es","@id":"https:\/\/secure.gravatar.com\/avatar\/bbd42dad71f10b60dd7b99495825a484e316cc1d628d7817ca5d5e72958cf237?s=96&d=mm&r=g","url":"https:\/\/secure.gravatar.com\/avatar\/bbd42dad71f10b60dd7b99495825a484e316cc1d628d7817ca5d5e72958cf237?s=96&d=mm&r=g","contentUrl":"https:\/\/secure.gravatar.com\/avatar\/bbd42dad71f10b60dd7b99495825a484e316cc1d628d7817ca5d5e72958cf237?s=96&d=mm&r=g","caption":"Ramon Tol\u00f3"},"url":"https:\/\/ramontolopallas.cat\/es\/author\/administrador\/"}]}},"_links":{"self":[{"href":"https:\/\/ramontolopallas.cat\/es\/wp-json\/wp\/v2\/posts\/15775","targetHints":{"allow":["GET"]}}],"collection":[{"href":"https:\/\/ramontolopallas.cat\/es\/wp-json\/wp\/v2\/posts"}],"about":[{"href":"https:\/\/ramontolopallas.cat\/es\/wp-json\/wp\/v2\/types\/post"}],"author":[{"embeddable":true,"href":"https:\/\/ramontolopallas.cat\/es\/wp-json\/wp\/v2\/users\/2"}],"replies":[{"embeddable":true,"href":"https:\/\/ramontolopallas.cat\/es\/wp-json\/wp\/v2\/comments?post=15775"}],"version-history":[{"count":2,"href":"https:\/\/ramontolopallas.cat\/es\/wp-json\/wp\/v2\/posts\/15775\/revisions"}],"predecessor-version":[{"id":15778,"href":"https:\/\/ramontolopallas.cat\/es\/wp-json\/wp\/v2\/posts\/15775\/revisions\/15778"}],"wp:attachment":[{"href":"https:\/\/ramontolopallas.cat\/es\/wp-json\/wp\/v2\/media?parent=15775"}],"wp:term":[{"taxonomy":"category","embeddable":true,"href":"https:\/\/ramontolopallas.cat\/es\/wp-json\/wp\/v2\/categories?post=15775"},{"taxonomy":"post_tag","embeddable":true,"href":"https:\/\/ramontolopallas.cat\/es\/wp-json\/wp\/v2\/tags?post=15775"}],"curies":[{"name":"wp","href":"https:\/\/api.w.org\/{rel}","templated":true}]}}