{"id":15875,"date":"2025-10-01T14:57:04","date_gmt":"2025-10-01T12:57:04","guid":{"rendered":"https:\/\/ramontolopallas.cat\/els-gats-de-lleida-ens-necessiten-majudes\/"},"modified":"2025-10-01T15:18:50","modified_gmt":"2025-10-01T13:18:50","slug":"els-gats-de-lleida-ens-necessiten-majudes","status":"publish","type":"post","link":"https:\/\/ramontolopallas.cat\/es\/els-gats-de-lleida-ens-necessiten-majudes\/","title":{"rendered":"Los gatos de Lleida nos necesitan: \u00bfme ayudas?"},"content":{"rendered":"\n<p class=\"wp-block-paragraph\">Lleida es mi casa y los gatos callejeros son, para m\u00ed, mucho m\u00e1s que una imagen de barrio: son vida, compa\u00f1\u00eda y, a veces, necesidad. Durante a\u00f1os me he encargado de alimentarlos y de cuidar todo lo que puedo de su bienestar. Pero esta tarea, por muy altruista que sea, necesita manos y recursos.<\/p>\n\n\n\n<p class=\"wp-block-paragraph\"><strong>Situaci\u00f3n urgente (leed, por favor):<\/strong><\/p>\n\n\n\n<p class=\"wp-block-paragraph\">Desde hace <strong>3 meses<\/strong> no puedo alimentar la colonia. El motivo: <strong>no recibo pienso granulado<\/strong> para las colonias de gatos. En estos momentos <strong>ya no me queda nada<\/strong> y <strong>no puedo alimentarlos<\/strong>. Es <strong>URGENTE<\/strong> conseguir estos alimentos para ayudar a los gatitos de la calle \u2014 muchos dependen de ello cada d\u00eda.<\/p>\n\n\n\n<p class=\"wp-block-paragraph\">Si puedes, te pido que te unas a esta peque\u00f1a pero gran red de ayuda. Ahora mismo lo que m\u00e1s hace falta es, sobre todo: <strong>comida (pienso seco o h\u00famedo, especialmente pienso en croquetas para gatos)<\/strong>, platos, mantas, cajas para refugio y manos para repartir o para ayudar a recoger donaciones. Tambi\u00e9n necesitamos, cuando sea posible, apoyo veterinario para esterilizaciones y tratamientos.<\/p>\n\n\n\n<p class=\"wp-block-paragraph\"><\/p>\n\n\n\n<p class=\"wp-block-paragraph\"><strong>C\u00f3mo puedes ayudar (f\u00e1cil y directo):<\/strong><\/p>\n\n\n\n<ul class=\"wp-block-list\">\n<li><strong>Traer comida o material:<\/strong> ponte en contacto conmigo y coordinamos lugar y hora para recogerlo.<\/li>\n\n\n\n<li><strong>Hacerte voluntario\/a:<\/strong> ayudar a repartir el alimento por turnos o acompa\u00f1arme en las rutas.<\/li>\n\n\n\n<li><strong>Apoyo econ\u00f3mico:<\/strong> aportaciones para comprar pienso a granel o pagar consultas y esterilizaciones.<\/li>\n\n\n\n<li><strong>Difundir:<\/strong> comparte esta entrada en tus redes para que m\u00e1s personas se sumen.<\/li>\n<\/ul>\n\n\n\n<p class=\"wp-block-paragraph\"><strong>Necesitamos especialmente (orden de prioridad):<\/strong><\/p>\n\n\n\n<ul class=\"wp-block-list\">\n<li>Pienso seco (croquetas) y\/o h\u00famedo (latas\/sobres).<\/li>\n\n\n\n<li>Platos met\u00e1licos \/ cuencos robustos.<\/li>\n\n\n\n<li>Mantas, cajas o cajas de madera para refugios.<\/li>\n\n\n\n<li>Colaboraci\u00f3n para transportar y repartir (voluntariado).<\/li>\n\n\n\n<li>Apoyo veterinario para esterilizaciones y tratamientos.<\/li>\n<\/ul>\n\n\n\n<p class=\"wp-block-paragraph\">Si te interesa colaborar, ll\u00e1mame y te explico c\u00f3mo hacerlo y cu\u00e1ndo: <strong>(+34) 608 26 93 87<\/strong>.<\/p>\n\n\n\n<p class=\"wp-block-paragraph\">Coordinaremos recogida o puntos de entrega seg\u00fan lo que te vaya bien.<\/p>\n\n\n\n<p class=\"wp-block-paragraph\">\ud83d\udc3e\u2764\ufe0f Cada gesto cuenta; este mensaje ya ayuda. Gracias por leer y por cualquier ayuda \u2014 los gatos y yo te lo agradeceremos. \ud83d\udc3e\u2764\ufe0f<\/p>\n","protected":false},"excerpt":{"rendered":"<p>Lleida es mi casa y los gatos callejeros son, para m\u00ed, mucho m\u00e1s que una imagen de barrio: son vida, compa\u00f1\u00eda y, a veces, necesidad. Durante a\u00f1os me he encargado de alimentarlos y de cuidar todo lo que puedo de su bienestar. Pero esta tarea, por muy altruista que sea, necesita manos y recursos. Situaci\u00f3n&#8230;<\/p>\n","protected":false},"author":2,"featured_media":15871,"comment_status":"open","ping_status":"closed","sticky":false,"template":"","format":"standard","meta":{"_acf_changed":false,"footnotes":""},"categories":[123],"tags":[],"class_list":["post-15875","post","type-post","status-publish","format-standard","has-post-thumbnail","hentry","category-blog"],"acf":[],"yoast_head":"<!-- This site is optimized with the Yoast SEO plugin v27.7 - https:\/\/yoast.com\/product\/yoast-seo-wordpress\/ -->\n<title>Los gatos de Lleida nos necesitan: \u00bfme ayudas? - Ram\u00f3n Tol\u00f3 Pall\u00e0s<\/title>\n<meta name=\"robots\" content=\"index, follow, max-snippet:-1, max-image-preview:large, max-video-preview:-1\" \/>\n<link rel=\"canonical\" href=\"https:\/\/ramontolopallas.cat\/es\/els-gats-de-lleida-ens-necessiten-majudes\/\" \/>\n<meta property=\"og:locale\" content=\"es_ES\" \/>\n<meta property=\"og:type\" content=\"article\" \/>\n<meta property=\"og:title\" content=\"Los gatos de Lleida nos necesitan: \u00bfme ayudas? - Ram\u00f3n Tol\u00f3 Pall\u00e0s\" \/>\n<meta property=\"og:description\" content=\"Lleida es mi casa y los gatos callejeros son, para m\u00ed, mucho m\u00e1s que una imagen de barrio: son vida, compa\u00f1\u00eda y, a veces, necesidad. Durante a\u00f1os me he encargado de alimentarlos y de cuidar todo lo que puedo de su bienestar. Pero esta tarea, por muy altruista que sea, necesita manos y recursos. Situaci\u00f3n...\" \/>\n<meta property=\"og:url\" content=\"https:\/\/ramontolopallas.cat\/es\/els-gats-de-lleida-ens-necessiten-majudes\/\" \/>\n<meta property=\"og:site_name\" content=\"Ram\u00f3n Tol\u00f3 Pall\u00e0s\" \/>\n<meta property=\"article:published_time\" content=\"2025-10-01T12:57:04+00:00\" \/>\n<meta property=\"article:modified_time\" content=\"2025-10-01T13:18:50+00:00\" \/>\n<meta property=\"og:image\" content=\"https:\/\/ramontolopallas.cat\/wp-content\/uploads\/2025\/10\/gatets2-1024x683.png\" \/>\n\t<meta property=\"og:image:width\" content=\"1024\" \/>\n\t<meta property=\"og:image:height\" content=\"683\" \/>\n\t<meta property=\"og:image:type\" content=\"image\/png\" \/>\n<meta name=\"author\" content=\"Ramon Tol\u00f3\" \/>\n<meta name=\"twitter:card\" content=\"summary_large_image\" \/>\n<meta name=\"twitter:label1\" content=\"Escrito por\" \/>\n\t<meta name=\"twitter:data1\" content=\"Ramon Tol\u00f3\" \/>\n\t<meta name=\"twitter:label2\" content=\"Tiempo de lectura\" \/>\n\t<meta name=\"twitter:data2\" content=\"2 minutos\" \/>\n<script type=\"application\/ld+json\" class=\"yoast-schema-graph\">{\"@context\":\"https:\\\/\\\/schema.org\",\"@graph\":[{\"@type\":\"Article\",\"@id\":\"https:\\\/\\\/ramontolopallas.cat\\\/es\\\/els-gats-de-lleida-ens-necessiten-majudes\\\/#article\",\"isPartOf\":{\"@id\":\"https:\\\/\\\/ramontolopallas.cat\\\/es\\\/els-gats-de-lleida-ens-necessiten-majudes\\\/\"},\"author\":{\"name\":\"Ramon Tol\u00f3\",\"@id\":\"https:\\\/\\\/ramontolopallas.cat\\\/es\\\/#\\\/schema\\\/person\\\/c52880af2b26ad448a5c58e1aef92e05\"},\"headline\":\"Los gatos de Lleida nos necesitan: \u00bfme ayudas?\",\"datePublished\":\"2025-10-01T12:57:04+00:00\",\"dateModified\":\"2025-10-01T13:18:50+00:00\",\"mainEntityOfPage\":{\"@id\":\"https:\\\/\\\/ramontolopallas.cat\\\/es\\\/els-gats-de-lleida-ens-necessiten-majudes\\\/\"},\"wordCount\":344,\"commentCount\":0,\"image\":{\"@id\":\"https:\\\/\\\/ramontolopallas.cat\\\/es\\\/els-gats-de-lleida-ens-necessiten-majudes\\\/#primaryimage\"},\"thumbnailUrl\":\"https:\\\/\\\/ramontolopallas.cat\\\/wp-content\\\/uploads\\\/2025\\\/10\\\/gatets2.png\",\"articleSection\":[\"Blog\"],\"inLanguage\":\"es\",\"potentialAction\":[{\"@type\":\"CommentAction\",\"name\":\"Comment\",\"target\":[\"https:\\\/\\\/ramontolopallas.cat\\\/es\\\/els-gats-de-lleida-ens-necessiten-majudes\\\/#respond\"]}]},{\"@type\":\"WebPage\",\"@id\":\"https:\\\/\\\/ramontolopallas.cat\\\/es\\\/els-gats-de-lleida-ens-necessiten-majudes\\\/\",\"url\":\"https:\\\/\\\/ramontolopallas.cat\\\/es\\\/els-gats-de-lleida-ens-necessiten-majudes\\\/\",\"name\":\"Los gatos de Lleida nos necesitan: \u00bfme ayudas? - Ram\u00f3n Tol\u00f3 Pall\u00e0s\",\"isPartOf\":{\"@id\":\"https:\\\/\\\/ramontolopallas.cat\\\/es\\\/#website\"},\"primaryImageOfPage\":{\"@id\":\"https:\\\/\\\/ramontolopallas.cat\\\/es\\\/els-gats-de-lleida-ens-necessiten-majudes\\\/#primaryimage\"},\"image\":{\"@id\":\"https:\\\/\\\/ramontolopallas.cat\\\/es\\\/els-gats-de-lleida-ens-necessiten-majudes\\\/#primaryimage\"},\"thumbnailUrl\":\"https:\\\/\\\/ramontolopallas.cat\\\/wp-content\\\/uploads\\\/2025\\\/10\\\/gatets2.png\",\"datePublished\":\"2025-10-01T12:57:04+00:00\",\"dateModified\":\"2025-10-01T13:18:50+00:00\",\"author\":{\"@id\":\"https:\\\/\\\/ramontolopallas.cat\\\/es\\\/#\\\/schema\\\/person\\\/c52880af2b26ad448a5c58e1aef92e05\"},\"breadcrumb\":{\"@id\":\"https:\\\/\\\/ramontolopallas.cat\\\/es\\\/els-gats-de-lleida-ens-necessiten-majudes\\\/#breadcrumb\"},\"inLanguage\":\"es\",\"potentialAction\":[{\"@type\":\"ReadAction\",\"target\":[\"https:\\\/\\\/ramontolopallas.cat\\\/es\\\/els-gats-de-lleida-ens-necessiten-majudes\\\/\"]}]},{\"@type\":\"ImageObject\",\"inLanguage\":\"es\",\"@id\":\"https:\\\/\\\/ramontolopallas.cat\\\/es\\\/els-gats-de-lleida-ens-necessiten-majudes\\\/#primaryimage\",\"url\":\"https:\\\/\\\/ramontolopallas.cat\\\/wp-content\\\/uploads\\\/2025\\\/10\\\/gatets2.png\",\"contentUrl\":\"https:\\\/\\\/ramontolopallas.cat\\\/wp-content\\\/uploads\\\/2025\\\/10\\\/gatets2.png\",\"width\":1536,\"height\":1024},{\"@type\":\"BreadcrumbList\",\"@id\":\"https:\\\/\\\/ramontolopallas.cat\\\/es\\\/els-gats-de-lleida-ens-necessiten-majudes\\\/#breadcrumb\",\"itemListElement\":[{\"@type\":\"ListItem\",\"position\":1,\"name\":\"Inici\",\"item\":\"https:\\\/\\\/ramontolopallas.cat\\\/es\\\/\"},{\"@type\":\"ListItem\",\"position\":2,\"name\":\"Los gatos de Lleida nos necesitan: \u00bfme ayudas?\"}]},{\"@type\":\"WebSite\",\"@id\":\"https:\\\/\\\/ramontolopallas.cat\\\/es\\\/#website\",\"url\":\"https:\\\/\\\/ramontolopallas.cat\\\/es\\\/\",\"name\":\"Ram\u00f3n Tol\u00f3 Pall\u00e0s\",\"description\":\"Escriptor lleidat\u00e0\",\"potentialAction\":[{\"@type\":\"SearchAction\",\"target\":{\"@type\":\"EntryPoint\",\"urlTemplate\":\"https:\\\/\\\/ramontolopallas.cat\\\/es\\\/?s={search_term_string}\"},\"query-input\":{\"@type\":\"PropertyValueSpecification\",\"valueRequired\":true,\"valueName\":\"search_term_string\"}}],\"inLanguage\":\"es\"},{\"@type\":\"Person\",\"@id\":\"https:\\\/\\\/ramontolopallas.cat\\\/es\\\/#\\\/schema\\\/person\\\/c52880af2b26ad448a5c58e1aef92e05\",\"name\":\"Ramon Tol\u00f3\",\"image\":{\"@type\":\"ImageObject\",\"inLanguage\":\"es\",\"@id\":\"https:\\\/\\\/secure.gravatar.com\\\/avatar\\\/bbd42dad71f10b60dd7b99495825a484e316cc1d628d7817ca5d5e72958cf237?s=96&d=mm&r=g\",\"url\":\"https:\\\/\\\/secure.gravatar.com\\\/avatar\\\/bbd42dad71f10b60dd7b99495825a484e316cc1d628d7817ca5d5e72958cf237?s=96&d=mm&r=g\",\"contentUrl\":\"https:\\\/\\\/secure.gravatar.com\\\/avatar\\\/bbd42dad71f10b60dd7b99495825a484e316cc1d628d7817ca5d5e72958cf237?s=96&d=mm&r=g\",\"caption\":\"Ramon Tol\u00f3\"},\"url\":\"https:\\\/\\\/ramontolopallas.cat\\\/es\\\/author\\\/administrador\\\/\"}]}<\/script>\n<!-- \/ Yoast SEO plugin. -->","yoast_head_json":{"title":"Los gatos de Lleida nos necesitan: \u00bfme ayudas? - Ram\u00f3n Tol\u00f3 Pall\u00e0s","robots":{"index":"index","follow":"follow","max-snippet":"max-snippet:-1","max-image-preview":"max-image-preview:large","max-video-preview":"max-video-preview:-1"},"canonical":"https:\/\/ramontolopallas.cat\/es\/els-gats-de-lleida-ens-necessiten-majudes\/","og_locale":"es_ES","og_type":"article","og_title":"Los gatos de Lleida nos necesitan: \u00bfme ayudas? - Ram\u00f3n Tol\u00f3 Pall\u00e0s","og_description":"Lleida es mi casa y los gatos callejeros son, para m\u00ed, mucho m\u00e1s que una imagen de barrio: son vida, compa\u00f1\u00eda y, a veces, necesidad. Durante a\u00f1os me he encargado de alimentarlos y de cuidar todo lo que puedo de su bienestar. Pero esta tarea, por muy altruista que sea, necesita manos y recursos. Situaci\u00f3n...","og_url":"https:\/\/ramontolopallas.cat\/es\/els-gats-de-lleida-ens-necessiten-majudes\/","og_site_name":"Ram\u00f3n Tol\u00f3 Pall\u00e0s","article_published_time":"2025-10-01T12:57:04+00:00","article_modified_time":"2025-10-01T13:18:50+00:00","og_image":[{"width":1024,"height":683,"url":"https:\/\/ramontolopallas.cat\/wp-content\/uploads\/2025\/10\/gatets2-1024x683.png","type":"image\/png"}],"author":"Ramon Tol\u00f3","twitter_card":"summary_large_image","twitter_misc":{"Escrito por":"Ramon Tol\u00f3","Tiempo de lectura":"2 minutos"},"schema":{"@context":"https:\/\/schema.org","@graph":[{"@type":"Article","@id":"https:\/\/ramontolopallas.cat\/es\/els-gats-de-lleida-ens-necessiten-majudes\/#article","isPartOf":{"@id":"https:\/\/ramontolopallas.cat\/es\/els-gats-de-lleida-ens-necessiten-majudes\/"},"author":{"name":"Ramon Tol\u00f3","@id":"https:\/\/ramontolopallas.cat\/es\/#\/schema\/person\/c52880af2b26ad448a5c58e1aef92e05"},"headline":"Los gatos de Lleida nos necesitan: \u00bfme ayudas?","datePublished":"2025-10-01T12:57:04+00:00","dateModified":"2025-10-01T13:18:50+00:00","mainEntityOfPage":{"@id":"https:\/\/ramontolopallas.cat\/es\/els-gats-de-lleida-ens-necessiten-majudes\/"},"wordCount":344,"commentCount":0,"image":{"@id":"https:\/\/ramontolopallas.cat\/es\/els-gats-de-lleida-ens-necessiten-majudes\/#primaryimage"},"thumbnailUrl":"https:\/\/ramontolopallas.cat\/wp-content\/uploads\/2025\/10\/gatets2.png","articleSection":["Blog"],"inLanguage":"es","potentialAction":[{"@type":"CommentAction","name":"Comment","target":["https:\/\/ramontolopallas.cat\/es\/els-gats-de-lleida-ens-necessiten-majudes\/#respond"]}]},{"@type":"WebPage","@id":"https:\/\/ramontolopallas.cat\/es\/els-gats-de-lleida-ens-necessiten-majudes\/","url":"https:\/\/ramontolopallas.cat\/es\/els-gats-de-lleida-ens-necessiten-majudes\/","name":"Los gatos de Lleida nos necesitan: \u00bfme ayudas? - Ram\u00f3n Tol\u00f3 Pall\u00e0s","isPartOf":{"@id":"https:\/\/ramontolopallas.cat\/es\/#website"},"primaryImageOfPage":{"@id":"https:\/\/ramontolopallas.cat\/es\/els-gats-de-lleida-ens-necessiten-majudes\/#primaryimage"},"image":{"@id":"https:\/\/ramontolopallas.cat\/es\/els-gats-de-lleida-ens-necessiten-majudes\/#primaryimage"},"thumbnailUrl":"https:\/\/ramontolopallas.cat\/wp-content\/uploads\/2025\/10\/gatets2.png","datePublished":"2025-10-01T12:57:04+00:00","dateModified":"2025-10-01T13:18:50+00:00","author":{"@id":"https:\/\/ramontolopallas.cat\/es\/#\/schema\/person\/c52880af2b26ad448a5c58e1aef92e05"},"breadcrumb":{"@id":"https:\/\/ramontolopallas.cat\/es\/els-gats-de-lleida-ens-necessiten-majudes\/#breadcrumb"},"inLanguage":"es","potentialAction":[{"@type":"ReadAction","target":["https:\/\/ramontolopallas.cat\/es\/els-gats-de-lleida-ens-necessiten-majudes\/"]}]},{"@type":"ImageObject","inLanguage":"es","@id":"https:\/\/ramontolopallas.cat\/es\/els-gats-de-lleida-ens-necessiten-majudes\/#primaryimage","url":"https:\/\/ramontolopallas.cat\/wp-content\/uploads\/2025\/10\/gatets2.png","contentUrl":"https:\/\/ramontolopallas.cat\/wp-content\/uploads\/2025\/10\/gatets2.png","width":1536,"height":1024},{"@type":"BreadcrumbList","@id":"https:\/\/ramontolopallas.cat\/es\/els-gats-de-lleida-ens-necessiten-majudes\/#breadcrumb","itemListElement":[{"@type":"ListItem","position":1,"name":"Inici","item":"https:\/\/ramontolopallas.cat\/es\/"},{"@type":"ListItem","position":2,"name":"Los gatos de Lleida nos necesitan: \u00bfme ayudas?"}]},{"@type":"WebSite","@id":"https:\/\/ramontolopallas.cat\/es\/#website","url":"https:\/\/ramontolopallas.cat\/es\/","name":"Ram\u00f3n Tol\u00f3 Pall\u00e0s","description":"Escriptor lleidat\u00e0","potentialAction":[{"@type":"SearchAction","target":{"@type":"EntryPoint","urlTemplate":"https:\/\/ramontolopallas.cat\/es\/?s={search_term_string}"},"query-input":{"@type":"PropertyValueSpecification","valueRequired":true,"valueName":"search_term_string"}}],"inLanguage":"es"},{"@type":"Person","@id":"https:\/\/ramontolopallas.cat\/es\/#\/schema\/person\/c52880af2b26ad448a5c58e1aef92e05","name":"Ramon Tol\u00f3","image":{"@type":"ImageObject","inLanguage":"es","@id":"https:\/\/secure.gravatar.com\/avatar\/bbd42dad71f10b60dd7b99495825a484e316cc1d628d7817ca5d5e72958cf237?s=96&d=mm&r=g","url":"https:\/\/secure.gravatar.com\/avatar\/bbd42dad71f10b60dd7b99495825a484e316cc1d628d7817ca5d5e72958cf237?s=96&d=mm&r=g","contentUrl":"https:\/\/secure.gravatar.com\/avatar\/bbd42dad71f10b60dd7b99495825a484e316cc1d628d7817ca5d5e72958cf237?s=96&d=mm&r=g","caption":"Ramon Tol\u00f3"},"url":"https:\/\/ramontolopallas.cat\/es\/author\/administrador\/"}]}},"_links":{"self":[{"href":"https:\/\/ramontolopallas.cat\/es\/wp-json\/wp\/v2\/posts\/15875","targetHints":{"allow":["GET"]}}],"collection":[{"href":"https:\/\/ramontolopallas.cat\/es\/wp-json\/wp\/v2\/posts"}],"about":[{"href":"https:\/\/ramontolopallas.cat\/es\/wp-json\/wp\/v2\/types\/post"}],"author":[{"embeddable":true,"href":"https:\/\/ramontolopallas.cat\/es\/wp-json\/wp\/v2\/users\/2"}],"replies":[{"embeddable":true,"href":"https:\/\/ramontolopallas.cat\/es\/wp-json\/wp\/v2\/comments?post=15875"}],"version-history":[{"count":5,"href":"https:\/\/ramontolopallas.cat\/es\/wp-json\/wp\/v2\/posts\/15875\/revisions"}],"predecessor-version":[{"id":15883,"href":"https:\/\/ramontolopallas.cat\/es\/wp-json\/wp\/v2\/posts\/15875\/revisions\/15883"}],"wp:featuredmedia":[{"embeddable":true,"href":"https:\/\/ramontolopallas.cat\/es\/wp-json\/wp\/v2\/media\/15871"}],"wp:attachment":[{"href":"https:\/\/ramontolopallas.cat\/es\/wp-json\/wp\/v2\/media?parent=15875"}],"wp:term":[{"taxonomy":"category","embeddable":true,"href":"https:\/\/ramontolopallas.cat\/es\/wp-json\/wp\/v2\/categories?post=15875"},{"taxonomy":"post_tag","embeddable":true,"href":"https:\/\/ramontolopallas.cat\/es\/wp-json\/wp\/v2\/tags?post=15875"}],"curies":[{"name":"wp","href":"https:\/\/api.w.org\/{rel}","templated":true}]}}